{"id":3612,"date":"2023-04-07T10:49:56","date_gmt":"2023-04-07T08:49:56","guid":{"rendered":"https:\/\/comunitatregants.org\/web\/?p=3612"},"modified":"2024-02-12T08:47:13","modified_gmt":"2024-02-12T06:47:13","slug":"comunicat-planificacio-solta-aigua-anualitat-2023","status":"publish","type":"post","link":"https:\/\/comunitatregants.org\/web\/2023\/04\/07\/comunicat-planificacio-solta-aigua-anualitat-2023\/","title":{"rendered":"COMUNICAT Planificaci\u00f3 solta aigua anualitat 2023"},"content":{"rendered":"\t\t<div data-elementor-type=\"wp-post\" data-elementor-id=\"3612\" class=\"elementor elementor-3612\">\n\t\t\t\t\t\t<section class=\"elementor-section elementor-top-section elementor-element elementor-element-8e99ad9 elementor-section-boxed elementor-section-height-default elementor-section-height-default\" data-id=\"8e99ad9\" data-element_type=\"section\">\n\t\t\t\t\t\t<div class=\"elementor-container elementor-column-gap-no\">\n\t\t\t\t\t<div class=\"elementor-column elementor-col-100 elementor-top-column elementor-element elementor-element-043c3d2\" data-id=\"043c3d2\" data-element_type=\"column\">\n\t\t\t<div class=\"elementor-widget-wrap elementor-element-populated\">\n\t\t\t\t\t\t<section class=\"elementor-section elementor-inner-section elementor-element elementor-element-f608e3d elementor-section-boxed elementor-section-height-default elementor-section-height-default\" data-id=\"f608e3d\" data-element_type=\"section\">\n\t\t\t\t\t\t<div class=\"elementor-container elementor-column-gap-no\">\n\t\t\t\t\t<div class=\"elementor-column elementor-col-100 elementor-inner-column elementor-element elementor-element-cc24255\" data-id=\"cc24255\" data-element_type=\"column\">\n\t\t\t<div class=\"elementor-widget-wrap elementor-element-populated\">\n\t\t\t\t\t\t<div class=\"elementor-element elementor-element-8f28106 elementor-widget elementor-widget-text-editor\" data-id=\"8f28106\" data-element_type=\"widget\" data-widget_type=\"text-editor.default\">\n\t\t\t\t<div class=\"elementor-widget-container\">\n\t\t\t\t\t\t\t<p>Canal Alimentaci\u00f3 &#8211; Canal Principal (Xerta-Amposta-Buda)<\/p>\t\t\t\t\t\t<\/div>\n\t\t\t\t<\/div>\n\t\t\t\t\t<\/div>\n\t\t<\/div>\n\t\t\t\t\t<\/div>\n\t\t<\/section>\n\t\t\t\t<div class=\"elementor-element elementor-element-4bc1a57 elementor-widget elementor-widget-text-editor\" data-id=\"4bc1a57\" data-element_type=\"widget\" data-widget_type=\"text-editor.default\">\n\t\t\t\t<div class=\"elementor-widget-container\">\n\t\t\t\t\t\t\t<p>La solta d&#8217;aigua a l&#8217;hemidelta dret ser\u00e0 el<strong>\u00a0dia 28 d&#8217;abril<\/strong>, amb els seg\u00fcents cabals d&#8217;origen:\u00a0<\/p><p><strong>Del 28 d&#8217;Abril al 12 de Maig: <\/strong>27m3\/s, 15 dies.<\/p><p><strong>Del 13 al 22 de Maig:<\/strong> 0m3\/s, 10 dies.<\/p><p><strong>Del 23 de Maig a l&#8217;1 de Juny:<\/strong> 27m3\/s, 10 dies.<\/p><p>La previsi\u00f3 durant aquesta campanya de reg excepcional degut a la sequera, \u00e9s fer tantejos de 10 dies durant tota la campanya, i s&#8217;anir\u00e0 avisant de la previsi\u00f3 que es faci cada mes, amb el temps d&#8217;antelaci\u00f3 que ens sigui possible i de qualsevol modificaci\u00f3 al respecte.\u00a0<\/p><p>*Durant els per\u00edodes de tancament de l&#8217;aigua al Canal d&#8217;Alimentaci\u00f3, es mantindr\u00e0 una bassada des de l&#8217;origen del Canal fins a Jes\u00fas, per tal d&#8217;evitar problemes de supressi\u00f3.<\/p>\t\t\t\t\t\t<\/div>\n\t\t\t\t<\/div>\n\t\t\t\t\t<\/div>\n\t\t<\/div>\n\t\t\t\t\t<\/div>\n\t\t<\/section>\n\t\t\t\t<\/div>\n\t\t","protected":false},"excerpt":{"rendered":"<p>Canal Alimentaci\u00f3 &#8211; Canal Principal (Xerta-Amposta-Buda) La solta d&#8217;aigua a l&#8217;hemidelta dret ser\u00e0 el\u00a0dia 28 d&#8217;abril, amb els seg\u00fcents cabals d&#8217;origen:\u00a0 Del 28 d&#8217;Abril al 12 de Maig: 27m3\/s, 15 dies. Del 13 al 22 de Maig: 0m3\/s, 10 dies. Del 23 de Maig a l&#8217;1 de Juny: 27m3\/s, 10 dies. La previsi\u00f3 durant aquesta [&hellip;]<\/p>\n","protected":false},"author":1,"featured_media":0,"comment_status":"closed","ping_status":"closed","sticky":false,"template":"elementor_theme","format":"standard","meta":{"_acf_changed":false,"footnotes":""},"categories":[52,51,57,58,68,56,53,55,59,54,49,50],"tags":[74,71,77,78,80,72,76,79,75,73],"class_list":["post-3612","post","type-post","status-publish","format-standard","hentry","category-a","category-cgrcdez","category-buda","category-illariu","category-noticies","category-vf","category-r","category-sj","category-sc","category-x","category-zd","category-zp","tag-aldover","tag-delta","tag-illabuda","tag-illariu","tag-poblenou","tag-prats","tag-rapita","tag-roquetes","tag-santjaume","tag-xerta"],"acf":[],"_links":{"self":[{"href":"https:\/\/comunitatregants.org\/web\/wp-json\/wp\/v2\/posts\/3612","targetHints":{"allow":["GET"]}}],"collection":[{"href":"https:\/\/comunitatregants.org\/web\/wp-json\/wp\/v2\/posts"}],"about":[{"href":"https:\/\/comunitatregants.org\/web\/wp-json\/wp\/v2\/types\/post"}],"author":[{"embeddable":true,"href":"https:\/\/comunitatregants.org\/web\/wp-json\/wp\/v2\/users\/1"}],"replies":[{"embeddable":true,"href":"https:\/\/comunitatregants.org\/web\/wp-json\/wp\/v2\/comments?post=3612"}],"version-history":[{"count":0,"href":"https:\/\/comunitatregants.org\/web\/wp-json\/wp\/v2\/posts\/3612\/revisions"}],"wp:attachment":[{"href":"https:\/\/comunitatregants.org\/web\/wp-json\/wp\/v2\/media?parent=3612"}],"wp:term":[{"taxonomy":"category","embeddable":true,"href":"https:\/\/comunitatregants.org\/web\/wp-json\/wp\/v2\/categories?post=3612"},{"taxonomy":"post_tag","embeddable":true,"href":"https:\/\/comunitatregants.org\/web\/wp-json\/wp\/v2\/tags?post=3612"}],"curies":[{"name":"wp","href":"https:\/\/api.w.org\/{rel}","templated":true}]}}