{"id":3692,"date":"2023-03-23T10:50:12","date_gmt":"2023-03-23T08:50:12","guid":{"rendered":"https:\/\/comunitatregants.org\/web\/?p=3692"},"modified":"2024-08-19T08:30:46","modified_gmt":"2024-08-19T06:30:46","slug":"actualitzacio-solta-aigua-anualitat-2023","status":"publish","type":"post","link":"https:\/\/comunitatregants.org\/web\/2023\/03\/23\/actualitzacio-solta-aigua-anualitat-2023\/","title":{"rendered":"Actualitzaci\u00f3 solta aigua anualitat 2023"},"content":{"rendered":"\t\t<div data-elementor-type=\"wp-post\" data-elementor-id=\"3692\" class=\"elementor elementor-3692\">\n\t\t\t\t\t\t<section class=\"elementor-section elementor-top-section elementor-element elementor-element-8e99ad9 elementor-section-boxed elementor-section-height-default elementor-section-height-default\" data-id=\"8e99ad9\" data-element_type=\"section\">\n\t\t\t\t\t\t<div class=\"elementor-container elementor-column-gap-no\">\n\t\t\t\t\t<div class=\"elementor-column elementor-col-100 elementor-top-column elementor-element elementor-element-043c3d2\" data-id=\"043c3d2\" data-element_type=\"column\">\n\t\t\t<div class=\"elementor-widget-wrap elementor-element-populated\">\n\t\t\t\t\t\t<div class=\"elementor-element elementor-element-4bc1a57 elementor-widget elementor-widget-text-editor\" data-id=\"4bc1a57\" data-element_type=\"widget\" data-widget_type=\"text-editor.default\">\n\t\t\t\t<div class=\"elementor-widget-container\">\n\t\t\t\t\t\t\t<p><strong>Canal Alimentaci\u00f3 (Xerta-Amposta)<\/strong><\/p><p>Degut al per\u00edode de Sequera que s&#8217;est\u00e0 patint, des de la Junta d&#8217;Explotaci\u00f3 n\u00fam. 11 del Baix Ebre de la Confederaci\u00f3 Hidrogr\u00e0fica de l&#8217;Ebre, ens comuniquen reduir el cabal de la concessi\u00f3 un 25%.\u00a0<\/p><p>Per tal que puguin regar les finques altes, en la Junta de Govern de la Comunitat General celebrada en data 22 de mar\u00e7 de 2023, es va concloure pujar el cabal del Canal 2 dies cada dues setmanes.\u00a0<\/p><p>Per tant, el cabal s&#8217;augmentar\u00e0 el seg\u00fcents dies:\u00a0<\/p><ul><li><strong>31 de mar\u00e7 i 1 d&#8217;abril\u00a0<\/strong><\/li><li><strong>14-15 d&#8217;abril\u00a0<\/strong><\/li><li><strong>28-29 d&#8217;abril<\/strong><\/li><\/ul>\t\t\t\t\t\t<\/div>\n\t\t\t\t<\/div>\n\t\t\t\t\t<\/div>\n\t\t<\/div>\n\t\t\t\t\t<\/div>\n\t\t<\/section>\n\t\t\t\t<\/div>\n\t\t","protected":false},"excerpt":{"rendered":"<p>Canal Alimentaci\u00f3 (Xerta-Amposta) Degut al per\u00edode de Sequera que s&#8217;est\u00e0 patint, des de la Junta d&#8217;Explotaci\u00f3 n\u00fam. 11 del Baix Ebre de la Confederaci\u00f3 Hidrogr\u00e0fica de l&#8217;Ebre, ens comuniquen reduir el cabal de la concessi\u00f3 un 25%.\u00a0 Per tal que puguin regar les finques altes, en la Junta de Govern de la Comunitat General celebrada [&hellip;]<\/p>\n","protected":false},"author":1,"featured_media":0,"comment_status":"closed","ping_status":"closed","sticky":false,"template":"elementor_theme","format":"standard","meta":{"_acf_changed":false,"footnotes":""},"categories":[68,1],"tags":[74,71,77,78,80,72,76,79,75,73],"class_list":["post-3692","post","type-post","status-publish","format-standard","hentry","category-noticies","category-uncategorized","tag-aldover","tag-delta","tag-illabuda","tag-illariu","tag-poblenou","tag-prats","tag-rapita","tag-roquetes","tag-santjaume","tag-xerta"],"acf":[],"_links":{"self":[{"href":"https:\/\/comunitatregants.org\/web\/wp-json\/wp\/v2\/posts\/3692","targetHints":{"allow":["GET"]}}],"collection":[{"href":"https:\/\/comunitatregants.org\/web\/wp-json\/wp\/v2\/posts"}],"about":[{"href":"https:\/\/comunitatregants.org\/web\/wp-json\/wp\/v2\/types\/post"}],"author":[{"embeddable":true,"href":"https:\/\/comunitatregants.org\/web\/wp-json\/wp\/v2\/users\/1"}],"replies":[{"embeddable":true,"href":"https:\/\/comunitatregants.org\/web\/wp-json\/wp\/v2\/comments?post=3692"}],"version-history":[{"count":0,"href":"https:\/\/comunitatregants.org\/web\/wp-json\/wp\/v2\/posts\/3692\/revisions"}],"wp:attachment":[{"href":"https:\/\/comunitatregants.org\/web\/wp-json\/wp\/v2\/media?parent=3692"}],"wp:term":[{"taxonomy":"category","embeddable":true,"href":"https:\/\/comunitatregants.org\/web\/wp-json\/wp\/v2\/categories?post=3692"},{"taxonomy":"post_tag","embeddable":true,"href":"https:\/\/comunitatregants.org\/web\/wp-json\/wp\/v2\/tags?post=3692"}],"curies":[{"name":"wp","href":"https:\/\/api.w.org\/{rel}","templated":true}]}}