{"id":4476,"date":"2020-01-17T08:11:20","date_gmt":"2020-01-17T06:11:20","guid":{"rendered":"https:\/\/comunitatregants.org\/web\/?p=4476"},"modified":"2024-08-26T10:35:25","modified_gmt":"2024-08-26T08:35:25","slug":"reunio-amb-la-consellera-dagricultura-teresa-jorda","status":"publish","type":"post","link":"https:\/\/comunitatregants.org\/web\/2020\/01\/17\/reunio-amb-la-consellera-dagricultura-teresa-jorda\/","title":{"rendered":"Reuni\u00f3 amb la consellera d&#8217;Agricultura, Teresa Jord\u00e0"},"content":{"rendered":"\t\t<div data-elementor-type=\"wp-post\" data-elementor-id=\"4476\" class=\"elementor elementor-4476\">\n\t\t\t\t\t\t<section class=\"elementor-section elementor-top-section elementor-element elementor-element-8e99ad9 elementor-section-boxed elementor-section-height-default elementor-section-height-default\" data-id=\"8e99ad9\" data-element_type=\"section\">\n\t\t\t\t\t\t<div class=\"elementor-container elementor-column-gap-no\">\n\t\t\t\t\t<div class=\"elementor-column elementor-col-100 elementor-top-column elementor-element elementor-element-043c3d2\" data-id=\"043c3d2\" data-element_type=\"column\">\n\t\t\t<div class=\"elementor-widget-wrap elementor-element-populated\">\n\t\t\t\t\t\t<div class=\"elementor-element elementor-element-4bc1a57 elementor-widget elementor-widget-text-editor\" data-id=\"4bc1a57\" data-element_type=\"widget\" data-widget_type=\"text-editor.default\">\n\t\t\t\t<div class=\"elementor-widget-container\">\n\t\t\t\t\t\t\t<p>El passat 8 de juliol Teresa Jord\u00e0, consellera d&#8217;Acci\u00f3 Clim\u00e0tica, Alimentaci\u00f3 i Agenda Rural va presentar-nos a Amposta les principals l\u00ednies d&#8217;actuaci\u00f3 de la Estrat\u00e8gia Delta, que ha desenvolupat el seu departament. A l&#8217;acte, tamb\u00e9 hi van estar presents, el delegat del Govern, Albert Salvad\u00f3 i el director dels Serveis Territorials d&#8217;Acci\u00f3 Clim\u00e0tica a les Terres de l&#8217;Ebre, Jes\u00fas G\u00f3mez.<\/p><p>La consellera va assenyalar que l&#8217;estrat\u00e8gia que s&#8217;ha elaborat \u00e9s el resultat de l&#8217;an\u00e0lisi de la situaci\u00f3, del di\u00e0leg amb tots els agents implicats del territori i tamb\u00e9 de la recerca d&#8217;experi\u00e8ncies similars a altres pa\u00efsos. Segons Jord\u00e0, aquesta feina que s&#8217;ha dut a terme durant els \u00faltims mesos ha donat com a resultat un plantejament que ha de ser efectiu per a la protecci\u00f3 del Delta. El pla proposat per la Generalitat contempla una actuaci\u00f3 a curt, mitj\u00e0 i llarg termini i suposar\u00e0 una inversi\u00f3 de 63 milions d&#8217;euros.<\/p><p>De cara al curt i mitja termini, Jord\u00e0 va destacar la creaci\u00f3 d&#8217;una taula de treball, en la qual ha de participar la Generalitat i el Ministerio de Transici\u00f3n Ecol\u00f3gica y Reto Demogr\u00e1fico que, segons va anunciar, ja ha celebrat dues reunions, per coordinar i accelerar totes les propostes ja plantejades. L&#8217;objectiu \u00e9s que aquest treball inicial permeti estructurar un projecte que englobi actuacions com l&#8217;execuci\u00f3 de les guardes de les basses o la segona fase del cam\u00ed de la Guarda, entre d&#8217;altres, i que defineixi clarament les compet\u00e8ncies de les administracions i un calendari d&#8217;execuci\u00f3.<\/p><p>Pel que fa al treball a llarg termini, Jord\u00e0 va apuntar que tot i que s\u00f3n conscients que \u00e9s absolutament necessari la implementaci\u00f3 de mesures urgents, el pla tamb\u00e9 ha de contemplar una visi\u00f3 a anys vista, capa\u00e7 d&#8217;aportar solucions efectives.\u00a0\u201cVolem posar en marxa un model de gesti\u00f3, que permeti un di\u00e0leg amb tots els agents implicats\u201d, va afirmar la consellera.<\/p><p>Per la seva banda, el delegat del Govern, Albert Salvad\u00f3, va comentar que \u201cla protecci\u00f3 del Delta de l&#8217;Ebre \u00e9s un dels grans reptes de pa\u00eds\u201d i es va mostrar satisfet de tot el treball que s&#8217;ha vingut realitzant durant l&#8217;\u00faltim any. Per Salvad\u00f3, ha arribat el moment de deixar de discutir per les compet\u00e8ncies, ja que del que es tracte \u00e9s d&#8217;escoltar l&#8217;opini\u00f3 del territori amb el clar objectiu de conservar l&#8217;actual morfologia del Delta.<\/p><p>Des de la Taula de Consens valorem molt positivament aquesta trobada i la interpretem com la ratificaci\u00f3\u00a0p\u00fablica\u00a0 del comprom\u00eds\u00a0de la Conselleria amb el Pla Delta que vam elaborar en el seu moment. La postura de la Generalitat ens permet concebre esperances\u00a0en el futur, si b\u00e9 no podem oblidar que ara el que cal \u00e9s involucrar a l&#8217;Estat, que encara est\u00e0\u00a0lluny d&#8217;aportar solucions i assumir compet\u00e8ncies, que siguin capaces de fer front a la nostra problem\u00e0tica.<\/p>\t\t\t\t\t\t<\/div>\n\t\t\t\t<\/div>\n\t\t\t\t<div class=\"elementor-element elementor-element-1f83f05 elementor-widget elementor-widget-image\" data-id=\"1f83f05\" data-element_type=\"widget\" data-widget_type=\"image.default\">\n\t\t\t\t<div class=\"elementor-widget-container\">\n\t\t\t\t\t\t\t\t\t\t\t\t\t<img fetchpriority=\"high\" decoding=\"async\" width=\"485\" height=\"447\" src=\"https:\/\/comunitatregants.org\/web\/wp-content\/uploads\/2022\/07\/consellera-jorda.jpg\" class=\"attachment-large size-large wp-image-4730\" alt=\"\" srcset=\"https:\/\/comunitatregants.org\/web\/wp-content\/uploads\/2022\/07\/consellera-jorda.jpg 485w, https:\/\/comunitatregants.org\/web\/wp-content\/uploads\/2022\/07\/consellera-jorda-300x276.jpg 300w\" sizes=\"(max-width: 485px) 100vw, 485px\" \/>\t\t\t\t\t\t\t\t\t\t\t\t\t<\/div>\n\t\t\t\t<\/div>\n\t\t\t\t\t<\/div>\n\t\t<\/div>\n\t\t\t\t\t<\/div>\n\t\t<\/section>\n\t\t\t\t<\/div>\n\t\t","protected":false},"excerpt":{"rendered":"<p>El passat 8 de juliol Teresa Jord\u00e0, consellera d&#8217;Acci\u00f3 Clim\u00e0tica, Alimentaci\u00f3 i Agenda Rural va presentar-nos a Amposta les principals l\u00ednies d&#8217;actuaci\u00f3 de la Estrat\u00e8gia Delta, que ha desenvolupat el seu departament. A l&#8217;acte, tamb\u00e9 hi van estar presents, el delegat del Govern, Albert Salvad\u00f3 i el director dels Serveis Territorials d&#8217;Acci\u00f3 Clim\u00e0tica a les [&hellip;]<\/p>\n","protected":false},"author":1,"featured_media":0,"comment_status":"closed","ping_status":"closed","sticky":false,"template":"elementor_theme","format":"standard","meta":{"_acf_changed":false,"footnotes":""},"categories":[1],"tags":[],"class_list":["post-4476","post","type-post","status-publish","format-standard","hentry","category-uncategorized"],"acf":[],"_links":{"self":[{"href":"https:\/\/comunitatregants.org\/web\/wp-json\/wp\/v2\/posts\/4476","targetHints":{"allow":["GET"]}}],"collection":[{"href":"https:\/\/comunitatregants.org\/web\/wp-json\/wp\/v2\/posts"}],"about":[{"href":"https:\/\/comunitatregants.org\/web\/wp-json\/wp\/v2\/types\/post"}],"author":[{"embeddable":true,"href":"https:\/\/comunitatregants.org\/web\/wp-json\/wp\/v2\/users\/1"}],"replies":[{"embeddable":true,"href":"https:\/\/comunitatregants.org\/web\/wp-json\/wp\/v2\/comments?post=4476"}],"version-history":[{"count":0,"href":"https:\/\/comunitatregants.org\/web\/wp-json\/wp\/v2\/posts\/4476\/revisions"}],"wp:attachment":[{"href":"https:\/\/comunitatregants.org\/web\/wp-json\/wp\/v2\/media?parent=4476"}],"wp:term":[{"taxonomy":"category","embeddable":true,"href":"https:\/\/comunitatregants.org\/web\/wp-json\/wp\/v2\/categories?post=4476"},{"taxonomy":"post_tag","embeddable":true,"href":"https:\/\/comunitatregants.org\/web\/wp-json\/wp\/v2\/tags?post=4476"}],"curies":[{"name":"wp","href":"https:\/\/api.w.org\/{rel}","templated":true}]}}