{"id":5013,"date":"2020-01-28T10:36:05","date_gmt":"2020-01-28T08:36:05","guid":{"rendered":"https:\/\/comunitatregants.org\/web\/?p=5013"},"modified":"2024-08-26T10:36:52","modified_gmt":"2024-08-26T08:36:52","slug":"despres-del-temporal-ens-toca-posar-nos-a-treballar","status":"publish","type":"post","link":"https:\/\/comunitatregants.org\/web\/2020\/01\/28\/despres-del-temporal-ens-toca-posar-nos-a-treballar\/","title":{"rendered":"Despr\u00e9s del temporal, ens toca posar-nos a treballar"},"content":{"rendered":"\t\t<div data-elementor-type=\"wp-post\" data-elementor-id=\"5013\" class=\"elementor elementor-5013\">\n\t\t\t\t\t\t<section class=\"elementor-section elementor-top-section elementor-element elementor-element-a9ab1ce elementor-section-boxed elementor-section-height-default elementor-section-height-default\" data-id=\"a9ab1ce\" data-element_type=\"section\">\n\t\t\t\t\t\t<div class=\"elementor-container elementor-column-gap-default\">\n\t\t\t\t\t<div class=\"elementor-column elementor-col-100 elementor-top-column elementor-element elementor-element-76d7fc2\" data-id=\"76d7fc2\" data-element_type=\"column\">\n\t\t\t<div class=\"elementor-widget-wrap elementor-element-populated\">\n\t\t\t\t\t\t<div class=\"elementor-element elementor-element-2ae696e elementor-widget elementor-widget-text-editor\" data-id=\"2ae696e\" data-element_type=\"widget\" data-widget_type=\"text-editor.default\">\n\t\t\t\t<div class=\"elementor-widget-container\">\n\t\t\t\t\t\t\t<div class=\"iconesregistre1\"><p>\u00a0<\/p><\/div><div class=\"contingutregistre1\"><p><strong>El proper dia 29 farem un pas m\u00e9s per aconseguir el nostre objectiu i reclamar en\u00e8rgicament la implicaci\u00f3 de les administracions pertinents<\/strong><\/p><p>Les conseq\u00fc\u00e8ncies del <strong>temporal Gl\u00f2ria<\/strong> han estat nefastes per al <strong>Delta de l\u2019Ebre<\/strong>, per\u00f2 despr\u00e9s de la tempesta, em de treballar per aconseguir minimitzar en el menor temps possible tots els danys ocasionats. No ser\u00e0 una tasca f\u00e0cil, per\u00f2 un cop m\u00e9s, hem d\u2019unir forces i, entre tots, trobar solucions als problemes.<\/p><p>A consecuencia del temporal, els mitjans de comunicaci\u00f3n han focalitzat el seu inter\u00e8s medi\u00e0tic en el nostre territori. Durant tots aquests dies han estat innombrables els programes de televisi\u00f3 i r\u00e0dio; les not\u00edcies en premsa escrita i internet abordaven la nostra realitat. Molts de nosaltres hem tingut ocasi\u00f3 d\u2019explicar als mitjans la situaci\u00f3 i reclamar actuacions immediates en benefici de Delta. Aix\u00ed mateix, tant el president de la Generalitat, Quim Torra, com el de el govern espanyol, Pedro S\u00e1nchez, han coincidit a mostrar la seva consternaci\u00f3 i en la necessitat de solucions urgents al Delta de l&#8217;Ebre.<\/p><p>No deixa de ser trist que, per atreure l\u2019atenci\u00f3 dels mitjans de comunicaci\u00f3 i de les administracions, h\u00e0gim hagut de trobar-nos davant aqueta situaci\u00f3 tan devastadora com la viscuda durant els \u00faltims dies, per\u00f2 no podem perdre l\u2019ocasi\u00f3 d\u2019aprofitar l&#8217;inter\u00e8s medi\u00e0tic a favor del que venim reclamant des de fa molt temps.<\/p><p>El proper dia 29 farem un pas m\u00e9s per aconseguir el nostre objectiu i reclamar en\u00e8rgicament la implicaci\u00f3 de les administracions pertinents. Per a aix\u00f2, i amb la pres\u00e8ncia dels m\u00e0xims representants de la Generalitat, amb el seu president Quim Torra, presentarem p\u00fablicament les conclusions a qu\u00e8 hem arribat durant els \u00faltims mesos de treball de la Taula de Consens. No ha estat un cam\u00ed f\u00e0cil, per\u00f2 hem aconseguit una certa unanimitat para consensuar les solucions m\u00e9s urgents. Tenim la sensaci\u00f3 que ens trobem en un moment clau i transcendental per al Delta i hem de mantenir-nos units aconseguir els nostres objetius.<\/p><\/div>\t\t\t\t\t\t<\/div>\n\t\t\t\t<\/div>\n\t\t\t\t\t<\/div>\n\t\t<\/div>\n\t\t\t\t\t<\/div>\n\t\t<\/section>\n\t\t\t\t<section class=\"elementor-section elementor-top-section elementor-element elementor-element-09a42d0 elementor-section-boxed elementor-section-height-default elementor-section-height-default\" data-id=\"09a42d0\" data-element_type=\"section\">\n\t\t\t\t\t\t<div class=\"elementor-container elementor-column-gap-default\">\n\t\t\t\t\t\t<\/div>\n\t\t<\/section>\n\t\t\t\t<\/div>\n\t\t","protected":false},"excerpt":{"rendered":"<p>\u00a0 El proper dia 29 farem un pas m\u00e9s per aconseguir el nostre objectiu i reclamar en\u00e8rgicament la implicaci\u00f3 de les administracions pertinents Les conseq\u00fc\u00e8ncies del temporal Gl\u00f2ria han estat nefastes per al Delta de l\u2019Ebre, per\u00f2 despr\u00e9s de la tempesta, em de treballar per aconseguir minimitzar en el menor temps possible tots els danys [&hellip;]<\/p>\n","protected":false},"author":1,"featured_media":0,"comment_status":"closed","ping_status":"closed","sticky":false,"template":"elementor_theme","format":"standard","meta":{"_acf_changed":false,"footnotes":""},"categories":[68],"tags":[81],"class_list":["post-5013","post","type-post","status-publish","format-standard","hentry","category-noticies","tag-cgrcde"],"acf":[],"_links":{"self":[{"href":"https:\/\/comunitatregants.org\/web\/wp-json\/wp\/v2\/posts\/5013","targetHints":{"allow":["GET"]}}],"collection":[{"href":"https:\/\/comunitatregants.org\/web\/wp-json\/wp\/v2\/posts"}],"about":[{"href":"https:\/\/comunitatregants.org\/web\/wp-json\/wp\/v2\/types\/post"}],"author":[{"embeddable":true,"href":"https:\/\/comunitatregants.org\/web\/wp-json\/wp\/v2\/users\/1"}],"replies":[{"embeddable":true,"href":"https:\/\/comunitatregants.org\/web\/wp-json\/wp\/v2\/comments?post=5013"}],"version-history":[{"count":0,"href":"https:\/\/comunitatregants.org\/web\/wp-json\/wp\/v2\/posts\/5013\/revisions"}],"wp:attachment":[{"href":"https:\/\/comunitatregants.org\/web\/wp-json\/wp\/v2\/media?parent=5013"}],"wp:term":[{"taxonomy":"category","embeddable":true,"href":"https:\/\/comunitatregants.org\/web\/wp-json\/wp\/v2\/categories?post=5013"},{"taxonomy":"post_tag","embeddable":true,"href":"https:\/\/comunitatregants.org\/web\/wp-json\/wp\/v2\/tags?post=5013"}],"curies":[{"name":"wp","href":"https:\/\/api.w.org\/{rel}","templated":true}]}}